{"id":25503,"date":"2025-04-10T16:48:29","date_gmt":"2025-04-10T16:48:29","guid":{"rendered":"https:\/\/totart.barcelona\/la-rosa-de-totart\/"},"modified":"2025-06-16T18:27:31","modified_gmt":"2025-06-16T18:27:31","slug":"la-rosa-de-totart","status":"publish","type":"post","link":"https:\/\/totart.barcelona\/es\/la-rosa-de-totart\/","title":{"rendered":"La Rosa de Totart"},"content":{"rendered":"\t\t<div data-elementor-type=\"wp-post\" data-elementor-id=\"25503\" class=\"elementor elementor-25503 elementor-24038\" data-elementor-post-type=\"post\">\n\t\t\t\t<div class=\"elementor-element elementor-element-7f15d017 e-flex e-con-boxed e-con e-parent\" data-id=\"7f15d017\" data-element_type=\"container\" data-e-type=\"container\">\n\t\t\t\t\t<div class=\"e-con-inner\">\n\t\t<div class=\"elementor-element elementor-element-60ee32c8 e-con-full e-flex e-con e-child\" data-id=\"60ee32c8\" data-element_type=\"container\" data-e-type=\"container\">\n\t\t<div class=\"elementor-element elementor-element-5023758a e-flex e-con-boxed e-con e-child\" data-id=\"5023758a\" data-element_type=\"container\" data-e-type=\"container\" data-settings=\"{&quot;background_background&quot;:&quot;classic&quot;}\">\n\t\t\t\t\t<div class=\"e-con-inner\">\n\t\t\t\t<div class=\"elementor-element elementor-element-250c732 elementor-invisible elementor-widget elementor-widget-icon-box\" data-id=\"250c732\" data-element_type=\"widget\" data-e-type=\"widget\" data-settings=\"{&quot;_animation&quot;:&quot;fadeInLeft&quot;}\" data-widget_type=\"icon-box.default\">\n\t\t\t\t<div class=\"elementor-widget-container\">\n\t\t\t\t\t\t\t<div class=\"elementor-icon-box-wrapper\">\n\n\t\t\t\n\t\t\t\t\t\t<div class=\"elementor-icon-box-content\">\n\n\t\t\t\t\t\t\t\t\t<h3 class=\"elementor-icon-box-title\">\n\t\t\t\t\t\t<a href=\"https:\/\/totart.barcelona\/que-emmarquem\/\" >\n\t\t\t\t\t\t\tLa Rosa de Totart\t\t\t\t\t\t<\/a>\n\t\t\t\t\t<\/h3>\n\t\t\t\t\n\t\t\t\t\n\t\t\t<\/div>\n\t\t\t\n\t\t<\/div>\n\t\t\t\t\t\t<\/div>\n\t\t\t\t<\/div>\n\t\t\t\t\t<\/div>\n\t\t\t\t<\/div>\n\t\t\t\t<\/div>\n\t\t\t\t\t<\/div>\n\t\t\t\t<\/div>\n\t\t<div class=\"elementor-element elementor-element-2d3a11a1 e-flex e-con-boxed e-con e-parent\" data-id=\"2d3a11a1\" data-element_type=\"container\" data-e-type=\"container\">\n\t\t\t\t\t<div class=\"e-con-inner\">\n\t\t<div class=\"elementor-element elementor-element-e8e6cb4 e-con-full e-flex e-con e-child\" data-id=\"e8e6cb4\" data-element_type=\"container\" data-e-type=\"container\">\n\t\t<div class=\"elementor-element elementor-element-7486a577 e-con-full e-flex e-con e-child\" data-id=\"7486a577\" data-element_type=\"container\" data-e-type=\"container\" data-settings=\"{&quot;background_background&quot;:&quot;classic&quot;}\">\n\t\t\t\t<div class=\"elementor-element elementor-element-14d0f29c elementor-widget elementor-widget-image\" data-id=\"14d0f29c\" data-element_type=\"widget\" data-e-type=\"widget\" data-widget_type=\"image.default\">\n\t\t\t\t<div class=\"elementor-widget-container\">\n\t\t\t\t\t\t\t\t\t\t\t\t<figure class=\"wp-caption\">\n\t\t\t\t\t\t\t\t\t\t\t<a href=\"https:\/\/www.instagram.com\/lluisfajari\/\">\n\t\t\t\t\t\t\t<img fetchpriority=\"high\" decoding=\"async\" width=\"800\" height=\"991\" src=\"https:\/\/totart.barcelona\/wp-content\/uploads\/2025\/04\/la-rosa-de-totart-sant-jordi-2025-1-827x1024.jpg\" class=\"attachment-large size-large wp-image-25363\" alt=\"\" srcset=\"https:\/\/totart.barcelona\/wp-content\/uploads\/2025\/04\/la-rosa-de-totart-sant-jordi-2025-1-827x1024.jpg 827w, https:\/\/totart.barcelona\/wp-content\/uploads\/2025\/04\/la-rosa-de-totart-sant-jordi-2025-1-242x300.jpg 242w, https:\/\/totart.barcelona\/wp-content\/uploads\/2025\/04\/la-rosa-de-totart-sant-jordi-2025-1-768x951.jpg 768w, https:\/\/totart.barcelona\/wp-content\/uploads\/2025\/04\/la-rosa-de-totart-sant-jordi-2025-1-1241x1536.jpg 1241w, https:\/\/totart.barcelona\/wp-content\/uploads\/2025\/04\/la-rosa-de-totart-sant-jordi-2025-1.jpg 1488w\" sizes=\"(max-width: 800px) 100vw, 800px\" \/>\t\t\t\t\t\t\t\t<\/a>\n\t\t\t\t\t\t\t\t\t\t\t<figcaption class=\"widget-image-caption wp-caption-text\">la Rosa de Totart  <\/figcaption>\n\t\t\t\t\t\t\t\t\t\t<\/figure>\n\t\t\t\t\t\t\t\t\t<\/div>\n\t\t\t\t<\/div>\n\t\t\t\t<\/div>\n\t\t<div class=\"elementor-element elementor-element-6efc676b e-con-full e-flex e-con e-child\" data-id=\"6efc676b\" data-element_type=\"container\" data-e-type=\"container\">\n\t\t\t\t<div class=\"elementor-element elementor-element-4cdf7554 elementor-invisible elementor-widget elementor-widget-heading\" data-id=\"4cdf7554\" data-element_type=\"widget\" data-e-type=\"widget\" data-settings=\"{&quot;_animation&quot;:&quot;fadeIn&quot;}\" data-widget_type=\"heading.default\">\n\t\t\t\t<div class=\"elementor-widget-container\">\n\t\t\t\t\t<h3 class=\"elementor-heading-title elementor-size-default\">San Jorge y la rosa de Totart Emmarcats.<\/h3>\t\t\t\t<\/div>\n\t\t\t\t<\/div>\n\t\t\t\t<div class=\"elementor-element elementor-element-4b9b542 elementor-widget-divider--view-line elementor-widget elementor-widget-divider\" data-id=\"4b9b542\" data-element_type=\"widget\" data-e-type=\"widget\" data-widget_type=\"divider.default\">\n\t\t\t\t<div class=\"elementor-widget-container\">\n\t\t\t\t\t\t\t<div class=\"elementor-divider\">\n\t\t\t<span class=\"elementor-divider-separator\">\n\t\t\t\t\t\t<\/span>\n\t\t<\/div>\n\t\t\t\t\t\t<\/div>\n\t\t\t\t<\/div>\n\t\t\t\t<div class=\"elementor-element elementor-element-2c2fda44 elementor-widget elementor-widget-text-editor\" data-id=\"2c2fda44\" data-element_type=\"widget\" data-e-type=\"widget\" data-widget_type=\"text-editor.default\">\n\t\t\t\t<div class=\"elementor-widget-container\">\n\t\t\t\t\t\t\t\t\t<p>Te presentamos los dibujos de las rosas como obsequio de <a href=\"https:\/\/totart.barcelona\/sant-jordi-2025\/\">San Jorge 2025.<\/a><\/p><p>\u00a1Este a\u00f1o el artista barcelones <a href=\"https:\/\/www.instagram.com\/lluisfajari\/\">Llu\u00eds Fajar\u00ed<\/a> ha pensado en la imagen de la Rosa rosa como s\u00edmbolo eterno del amor y la pasi\u00f3n!<\/p><p>Como sabes, seg\u00fan la leyenda, Sant Jordi puso fin a la vida del drag\u00f3n ya continuaci\u00f3n entre su sangre brot\u00f3 un rosal.<\/p><p>En el mismo instante que empez\u00f3 a crecer la planta, empezaron a brotar bellas rosas.<\/p><p>As\u00ed que San Jorge eligi\u00f3 la rosa m\u00e1s bonita y la regl\u00f3 a la princesa&#8230;<\/p>\t\t\t\t\t\t\t\t<\/div>\n\t\t\t\t<\/div>\n\t\t\t\t<\/div>\n\t\t\t\t<\/div>\n\t\t<div class=\"elementor-element elementor-element-97432bb e-con-full e-flex e-con e-child\" data-id=\"97432bb\" data-element_type=\"container\" data-e-type=\"container\">\n\t\t<div class=\"elementor-element elementor-element-66605460 e-con-full e-flex e-con e-child\" data-id=\"66605460\" data-element_type=\"container\" data-e-type=\"container\">\n\t\t\t\t<div class=\"elementor-element elementor-element-2dc3ee21 elementor-widget elementor-widget-text-editor\" data-id=\"2dc3ee21\" data-element_type=\"widget\" data-e-type=\"widget\" data-widget_type=\"text-editor.default\">\n\t\t\t\t<div class=\"elementor-widget-container\">\n\t\t\t\t\t\t\t\t\t<h2 class=\"ekit-heading--subtitle elementskit-section-subtitle \">Mucho m\u00e1s que una rosa&#8230;<\/h2><p>A Totart seguim les tradicions i \u00e9s aix\u00ed que trobar\u00e0s a la nostra botiga els <em>miniprints<\/em> de les Roses d&#8217;enguany .<\/p><p>No olvides que tenemos ya a la venta los cuadros de los grabados originales de <a href=\"https:\/\/www.instagram.com\/lluisfajari\/\">Lluis Fajar\u00ed<\/a> .<\/p><p>\u00a1Toda la colecci\u00f3n de grabados est\u00e1n enmarcados con una moldura clara, listo para poder regalarlos!  <\/p>\t\t\t\t\t\t\t\t<\/div>\n\t\t\t\t<\/div>\n\t\t\t\t<\/div>\n\t\t<div class=\"elementor-element elementor-element-1de2c3e6 e-con-full e-flex e-con e-child\" data-id=\"1de2c3e6\" data-element_type=\"container\" data-e-type=\"container\" data-settings=\"{&quot;background_background&quot;:&quot;classic&quot;}\">\n\t\t\t\t<div class=\"elementor-element elementor-element-968fb46 elementor-widget elementor-widget-image\" data-id=\"968fb46\" data-element_type=\"widget\" data-e-type=\"widget\" data-widget_type=\"image.default\">\n\t\t\t\t<div class=\"elementor-widget-container\">\n\t\t\t\t\t\t\t\t\t\t\t\t<figure class=\"wp-caption\">\n\t\t\t\t\t\t\t\t\t\t\t<a href=\"https:\/\/totart.barcelona\/wp-content\/uploads\/2025\/04\/la-rosa-de-totart-2.jpeg\" data-elementor-open-lightbox=\"yes\" data-elementor-lightbox-title=\"la rosa de totart\" data-e-action-hash=\"#elementor-action%3Aaction%3Dlightbox%26settings%3DeyJpZCI6MjUzNjAsInVybCI6Imh0dHBzOlwvXC90b3RhcnQuYmFyY2Vsb25hXC93cC1jb250ZW50XC91cGxvYWRzXC8yMDI1XC8wNFwvbGEtcm9zYS1kZS10b3RhcnQtMi5qcGVnIn0%3D\">\n\t\t\t\t\t\t\t<img decoding=\"async\" width=\"800\" height=\"540\" src=\"https:\/\/totart.barcelona\/wp-content\/uploads\/2025\/04\/la-rosa-de-totart-2-1024x691.jpeg\" class=\"attachment-large size-large wp-image-25360\" alt=\"\" srcset=\"https:\/\/totart.barcelona\/wp-content\/uploads\/2025\/04\/la-rosa-de-totart-2-1024x691.jpeg 1024w, https:\/\/totart.barcelona\/wp-content\/uploads\/2025\/04\/la-rosa-de-totart-2-300x202.jpeg 300w, https:\/\/totart.barcelona\/wp-content\/uploads\/2025\/04\/la-rosa-de-totart-2-768x518.jpeg 768w, https:\/\/totart.barcelona\/wp-content\/uploads\/2025\/04\/la-rosa-de-totart-2-1536x1036.jpeg 1536w, https:\/\/totart.barcelona\/wp-content\/uploads\/2025\/04\/la-rosa-de-totart-2.jpeg 1920w\" sizes=\"(max-width: 800px) 100vw, 800px\" \/>\t\t\t\t\t\t\t\t<\/a>\n\t\t\t\t\t\t\t\t\t\t\t<figcaption class=\"widget-image-caption wp-caption-text\">La Rosa de Totart<\/figcaption>\n\t\t\t\t\t\t\t\t\t\t<\/figure>\n\t\t\t\t\t\t\t\t\t<\/div>\n\t\t\t\t<\/div>\n\t\t\t\t<\/div>\n\t\t\t\t<\/div>\n\t\t<div class=\"elementor-element elementor-element-360a5bf9 e-con-full e-flex e-con e-child\" data-id=\"360a5bf9\" data-element_type=\"container\" data-e-type=\"container\">\n\t\t<div class=\"elementor-element elementor-element-4566dfaa e-con-full e-flex e-con e-child\" data-id=\"4566dfaa\" data-element_type=\"container\" data-e-type=\"container\">\n\t\t\t\t<div class=\"elementor-element elementor-element-7f6af376 elementor-widget elementor-widget-text-editor\" data-id=\"7f6af376\" data-element_type=\"widget\" data-e-type=\"widget\" data-widget_type=\"text-editor.default\">\n\t\t\t\t<div class=\"elementor-widget-container\">\n\t\t\t\t\t\t\t\t\t<h3>El grabado de la rosa de Totart.<\/h3><p>Podr\u00e1s admirar las diversas t\u00e9cnicas utilizadas por el artista. En primer lugar te presentamos el grabado con collage de papel. Y adem\u00e1s encontrar\u00e1s el alambre debajo del papel que dejar\u00e1 una imprenta muy curiosa!<\/p><p>El artista experimentar\u00e1 tambi\u00e9n con la cianotipia. \u00c9sta es una t\u00e9cnica fotogr\u00e1fica que produce im\u00e1genes en color azul de Prusia.  <\/p><p>Al fin y al cabo, todo artista no se detiene en la investigaci\u00f3n de antiguos procedimientos tradicionales y los nuevos avances tecnol\u00f3gicos.<\/p>\t\t\t\t\t\t\t\t<\/div>\n\t\t\t\t<\/div>\n\t\t\t\t<\/div>\n\t\t<div class=\"elementor-element elementor-element-227e5b8c e-con-full e-flex e-con e-child\" data-id=\"227e5b8c\" data-element_type=\"container\" data-e-type=\"container\" data-settings=\"{&quot;background_background&quot;:&quot;classic&quot;}\">\n\t\t\t\t<div class=\"elementor-element elementor-element-5abad120 elementor-widget elementor-widget-image\" data-id=\"5abad120\" data-element_type=\"widget\" data-e-type=\"widget\" data-widget_type=\"image.default\">\n\t\t\t\t<div class=\"elementor-widget-container\">\n\t\t\t\t\t\t\t\t\t\t\t\t<figure class=\"wp-caption\">\n\t\t\t\t\t\t\t\t\t\t\t<a href=\"https:\/\/totart.barcelona\/wp-content\/uploads\/2025\/04\/la-rosa-de-sant-jordi-poema-gertrude-stein-1-2.jpeg\" data-elementor-open-lightbox=\"yes\" data-elementor-lightbox-title=\"la rosa de sant jordi poema gertrude stein\" data-e-action-hash=\"#elementor-action%3Aaction%3Dlightbox%26settings%3DeyJpZCI6MjUzNTQsInVybCI6Imh0dHBzOlwvXC90b3RhcnQuYmFyY2Vsb25hXC93cC1jb250ZW50XC91cGxvYWRzXC8yMDI1XC8wNFwvbGEtcm9zYS1kZS1zYW50LWpvcmRpLXBvZW1hLWdlcnRydWRlLXN0ZWluLTEtMi5qcGVnIn0%3D\">\n\t\t\t\t\t\t\t<img decoding=\"async\" width=\"768\" height=\"940\" src=\"https:\/\/totart.barcelona\/wp-content\/uploads\/2025\/04\/la-rosa-de-sant-jordi-poema-gertrude-stein-1-2-768x940.jpeg\" class=\"attachment-medium_large size-medium_large wp-image-25354\" alt=\"\" srcset=\"https:\/\/totart.barcelona\/wp-content\/uploads\/2025\/04\/la-rosa-de-sant-jordi-poema-gertrude-stein-1-2-768x940.jpeg 768w, https:\/\/totart.barcelona\/wp-content\/uploads\/2025\/04\/la-rosa-de-sant-jordi-poema-gertrude-stein-1-2-245x300.jpeg 245w, https:\/\/totart.barcelona\/wp-content\/uploads\/2025\/04\/la-rosa-de-sant-jordi-poema-gertrude-stein-1-2-837x1024.jpeg 837w, https:\/\/totart.barcelona\/wp-content\/uploads\/2025\/04\/la-rosa-de-sant-jordi-poema-gertrude-stein-1-2-1255x1536.jpeg 1255w, https:\/\/totart.barcelona\/wp-content\/uploads\/2025\/04\/la-rosa-de-sant-jordi-poema-gertrude-stein-1-2.jpeg 1349w\" sizes=\"(max-width: 768px) 100vw, 768px\" \/>\t\t\t\t\t\t\t\t<\/a>\n\t\t\t\t\t\t\t\t\t\t\t<figcaption class=\"widget-image-caption wp-caption-text\">Miniprint La Rosa de Totart<\/figcaption>\n\t\t\t\t\t\t\t\t\t\t<\/figure>\n\t\t\t\t\t\t\t\t\t<\/div>\n\t\t\t\t<\/div>\n\t\t\t\t<\/div>\n\t\t\t\t<\/div>\n\t\t<div class=\"elementor-element elementor-element-2bb8e9c9 e-con-full e-flex e-con e-child\" data-id=\"2bb8e9c9\" data-element_type=\"container\" data-e-type=\"container\">\n\t\t<div class=\"elementor-element elementor-element-3b19c360 e-con-full e-flex e-con e-child\" data-id=\"3b19c360\" data-element_type=\"container\" data-e-type=\"container\">\n\t\t\t\t<div class=\"elementor-element elementor-element-6002241a elementor-widget elementor-widget-text-editor\" data-id=\"6002241a\" data-element_type=\"widget\" data-e-type=\"widget\" data-widget_type=\"text-editor.default\">\n\t\t\t\t<div class=\"elementor-widget-container\">\n\t\t\t\t\t\t\t\t\t<p>Los cuadros no son simplemente objetos por decorar. \u00a1Tan mismo son mucho m\u00e1s!  <\/p><p>De esta forma entendemos que en un cuadro la historia de la leyenda de la rosa de Sant Jordi perdurar\u00e1 en el tiempo&#8230;<\/p><p>\u00a1Adem\u00e1s imagina volver a sentir la emoci\u00f3n de ver el regalo que te hicieron la Diada del libro y la rosa!  <\/p><p>La obra en un marco captura ese momento para siempre.<\/p><div class=\"ekit-heading__description\"><p class=\"ekit-heading--subtitle elementskit-section-subtitle \"> <\/p><\/div>\t\t\t\t\t\t\t\t<\/div>\n\t\t\t\t<\/div>\n\t\t\t\t<\/div>\n\t\t<div class=\"elementor-element elementor-element-482cf9a2 e-con-full e-flex e-con e-child\" data-id=\"482cf9a2\" data-element_type=\"container\" data-e-type=\"container\" data-settings=\"{&quot;background_background&quot;:&quot;classic&quot;}\">\n\t\t\t\t<div class=\"elementor-element elementor-element-591504c6 elementor-widget elementor-widget-image\" data-id=\"591504c6\" data-element_type=\"widget\" data-e-type=\"widget\" data-widget_type=\"image.default\">\n\t\t\t\t<div class=\"elementor-widget-container\">\n\t\t\t\t\t\t\t\t\t\t\t\t<figure class=\"wp-caption\">\n\t\t\t\t\t\t\t\t\t\t\t<a href=\"https:\/\/totart.barcelona\/wp-content\/uploads\/2025\/04\/ROSA-DE-SANT-JORDI-2025-.jpg\" data-elementor-open-lightbox=\"yes\" data-elementor-lightbox-title=\"ROSA DE SANT JORDI 2025\" data-e-action-hash=\"#elementor-action%3Aaction%3Dlightbox%26settings%3DeyJpZCI6MjUzNTYsInVybCI6Imh0dHBzOlwvXC90b3RhcnQuYmFyY2Vsb25hXC93cC1jb250ZW50XC91cGxvYWRzXC8yMDI1XC8wNFwvUk9TQS1ERS1TQU5ULUpPUkRJLTIwMjUtLmpwZyJ9\">\n\t\t\t\t\t\t\t<img loading=\"lazy\" decoding=\"async\" width=\"800\" height=\"865\" src=\"https:\/\/totart.barcelona\/wp-content\/uploads\/2025\/04\/ROSA-DE-SANT-JORDI-2025--947x1024.jpg\" class=\"attachment-large size-large wp-image-25356\" alt=\"\" srcset=\"https:\/\/totart.barcelona\/wp-content\/uploads\/2025\/04\/ROSA-DE-SANT-JORDI-2025--947x1024.jpg 947w, https:\/\/totart.barcelona\/wp-content\/uploads\/2025\/04\/ROSA-DE-SANT-JORDI-2025--277x300.jpg 277w, https:\/\/totart.barcelona\/wp-content\/uploads\/2025\/04\/ROSA-DE-SANT-JORDI-2025--768x831.jpg 768w, https:\/\/totart.barcelona\/wp-content\/uploads\/2025\/04\/ROSA-DE-SANT-JORDI-2025--1420x1536.jpg 1420w, https:\/\/totart.barcelona\/wp-content\/uploads\/2025\/04\/ROSA-DE-SANT-JORDI-2025-.jpg 1893w\" sizes=\"(max-width: 800px) 100vw, 800px\" \/>\t\t\t\t\t\t\t\t<\/a>\n\t\t\t\t\t\t\t\t\t\t\t<figcaption class=\"widget-image-caption wp-caption-text\">Miniprints  <\/figcaption>\n\t\t\t\t\t\t\t\t\t\t<\/figure>\n\t\t\t\t\t\t\t\t\t<\/div>\n\t\t\t\t<\/div>\n\t\t\t\t<\/div>\n\t\t\t\t<\/div>\n\t\t<div class=\"elementor-element elementor-element-44da8c6 e-con-full e-flex e-con e-child\" data-id=\"44da8c6\" data-element_type=\"container\" data-e-type=\"container\">\n\t\t<div class=\"elementor-element elementor-element-085f3ac e-con-full e-flex e-con e-child\" data-id=\"085f3ac\" data-element_type=\"container\" data-e-type=\"container\">\n\t\t\t\t<div class=\"elementor-element elementor-element-bbb95de elementor-widget elementor-widget-text-editor\" data-id=\"bbb95de\" data-element_type=\"widget\" data-e-type=\"widget\" data-widget_type=\"text-editor.default\">\n\t\t\t\t<div class=\"elementor-widget-container\">\n\t\t\t\t\t\t\t\t\t<p>Recuerda, cada cuadro que te envuelve tiene una historia que cuenta una parte de tus vivencias.  <\/p><p>Rodea tu vida de cuadros vividos y disfruta de todas tus experiencias.<\/p><p>En Totart te ofrecemos ideas para enmarcar cuadros personalizados.<\/p>\t\t\t\t\t\t\t\t<\/div>\n\t\t\t\t<\/div>\n\t\t\t\t<\/div>\n\t\t<div class=\"elementor-element elementor-element-c3ce14e e-con-full e-flex e-con e-child\" data-id=\"c3ce14e\" data-element_type=\"container\" data-e-type=\"container\" data-settings=\"{&quot;background_background&quot;:&quot;classic&quot;}\">\n\t\t\t\t<div class=\"elementor-element elementor-element-965291d elementor-widget elementor-widget-image\" data-id=\"965291d\" data-element_type=\"widget\" data-e-type=\"widget\" data-widget_type=\"image.default\">\n\t\t\t\t<div class=\"elementor-widget-container\">\n\t\t\t\t\t\t\t\t\t\t\t\t<figure class=\"wp-caption\">\n\t\t\t\t\t\t\t\t\t\t\t<a href=\"https:\/\/totart.barcelona\/wp-content\/uploads\/2025\/04\/la-rosa-de-sant-jordi-poema-art-miller-1-1.jpeg\" data-elementor-open-lightbox=\"yes\" data-elementor-lightbox-title=\"la rosa de sant jordi poema art miller\" data-e-action-hash=\"#elementor-action%3Aaction%3Dlightbox%26settings%3DeyJpZCI6MjUzNjQsInVybCI6Imh0dHBzOlwvXC90b3RhcnQuYmFyY2Vsb25hXC93cC1jb250ZW50XC91cGxvYWRzXC8yMDI1XC8wNFwvbGEtcm9zYS1kZS1zYW50LWpvcmRpLXBvZW1hLWFydC1taWxsZXItMS0xLmpwZWcifQ%3D%3D\">\n\t\t\t\t\t\t\t<img loading=\"lazy\" decoding=\"async\" width=\"768\" height=\"1024\" src=\"https:\/\/totart.barcelona\/wp-content\/uploads\/2025\/04\/la-rosa-de-sant-jordi-poema-art-miller-1-1-768x1024.jpeg\" class=\"attachment-large size-large wp-image-25364\" alt=\"\" srcset=\"https:\/\/totart.barcelona\/wp-content\/uploads\/2025\/04\/la-rosa-de-sant-jordi-poema-art-miller-1-1-768x1024.jpeg 768w, https:\/\/totart.barcelona\/wp-content\/uploads\/2025\/04\/la-rosa-de-sant-jordi-poema-art-miller-1-1-225x300.jpeg 225w, https:\/\/totart.barcelona\/wp-content\/uploads\/2025\/04\/la-rosa-de-sant-jordi-poema-art-miller-1-1-1152x1536.jpeg 1152w, https:\/\/totart.barcelona\/wp-content\/uploads\/2025\/04\/la-rosa-de-sant-jordi-poema-art-miller-1-1.jpeg 1488w\" sizes=\"(max-width: 768px) 100vw, 768px\" \/>\t\t\t\t\t\t\t\t<\/a>\n\t\t\t\t\t\t\t\t\t\t\t<figcaption class=\"widget-image-caption wp-caption-text\">Miniprints  <\/figcaption>\n\t\t\t\t\t\t\t\t\t\t<\/figure>\n\t\t\t\t\t\t\t\t\t<\/div>\n\t\t\t\t<\/div>\n\t\t\t\t<\/div>\n\t\t\t\t<\/div>\n\t\t<div class=\"elementor-element elementor-element-cb2ee40 e-con-full e-flex e-con e-child\" data-id=\"cb2ee40\" data-element_type=\"container\" data-e-type=\"container\">\n\t\t<div class=\"elementor-element elementor-element-5cdfea70 e-con-full e-flex e-con e-child\" data-id=\"5cdfea70\" data-element_type=\"container\" data-e-type=\"container\" data-settings=\"{&quot;background_background&quot;:&quot;classic&quot;}\">\n\t\t\t\t<div class=\"elementor-element elementor-element-52b0ee14 elementor-widget elementor-widget-image\" data-id=\"52b0ee14\" data-element_type=\"widget\" data-e-type=\"widget\" data-widget_type=\"image.default\">\n\t\t\t\t<div class=\"elementor-widget-container\">\n\t\t\t\t\t\t\t\t\t\t\t\t<figure class=\"wp-caption\">\n\t\t\t\t\t\t\t\t\t\t\t<a href=\"https:\/\/totart.barcelona\/wp-content\/uploads\/2025\/04\/la-rosa-de-totart-aparador-amb-roses-al-terra-i-gosset.jpeg\" data-elementor-open-lightbox=\"yes\" data-elementor-lightbox-title=\"la rosa de totart aparador amb roses al terra i gosset\" data-e-action-hash=\"#elementor-action%3Aaction%3Dlightbox%26settings%3DeyJpZCI6MjUzNTksInVybCI6Imh0dHBzOlwvXC90b3RhcnQuYmFyY2Vsb25hXC93cC1jb250ZW50XC91cGxvYWRzXC8yMDI1XC8wNFwvbGEtcm9zYS1kZS10b3RhcnQtYXBhcmFkb3ItYW1iLXJvc2VzLWFsLXRlcnJhLWktZ29zc2V0LmpwZWcifQ%3D%3D\">\n\t\t\t\t\t\t\t<img loading=\"lazy\" decoding=\"async\" width=\"663\" height=\"1024\" src=\"https:\/\/totart.barcelona\/wp-content\/uploads\/2025\/04\/la-rosa-de-totart-aparador-amb-roses-al-terra-i-gosset-663x1024.jpeg\" class=\"attachment-large size-large wp-image-25359\" alt=\"\" srcset=\"https:\/\/totart.barcelona\/wp-content\/uploads\/2025\/04\/la-rosa-de-totart-aparador-amb-roses-al-terra-i-gosset-663x1024.jpeg 663w, https:\/\/totart.barcelona\/wp-content\/uploads\/2025\/04\/la-rosa-de-totart-aparador-amb-roses-al-terra-i-gosset-194x300.jpeg 194w, https:\/\/totart.barcelona\/wp-content\/uploads\/2025\/04\/la-rosa-de-totart-aparador-amb-roses-al-terra-i-gosset-768x1186.jpeg 768w, https:\/\/totart.barcelona\/wp-content\/uploads\/2025\/04\/la-rosa-de-totart-aparador-amb-roses-al-terra-i-gosset.jpeg 957w\" sizes=\"(max-width: 663px) 100vw, 663px\" \/>\t\t\t\t\t\t\t\t<\/a>\n\t\t\t\t\t\t\t\t\t\t\t<figcaption class=\"widget-image-caption wp-caption-text\"><\/figcaption>\n\t\t\t\t\t\t\t\t\t\t<\/figure>\n\t\t\t\t\t\t\t\t\t<\/div>\n\t\t\t\t<\/div>\n\t\t\t\t<\/div>\n\t\t<div class=\"elementor-element elementor-element-a0291e2 e-con-full e-flex e-con e-child\" data-id=\"a0291e2\" data-element_type=\"container\" data-e-type=\"container\">\n\t\t\t\t<div class=\"elementor-element elementor-element-69cc7116 elementor-widget elementor-widget-text-editor\" data-id=\"69cc7116\" data-element_type=\"widget\" data-e-type=\"widget\" data-widget_type=\"text-editor.default\">\n\t\t\t\t<div class=\"elementor-widget-container\">\n\t\t\t\t\t\t\t\t\t<p>\u00a1Este Sant Jordi 2025 os esperamos!<\/p><p>Visite nuestra tienda de Barcelona, \u200b\u200bTotart Enmarcaciones en <a href=\"https:\/\/www.google.es\/maps\/place\/Totart+Emmarcats+Barcelona\/@41.3752127,2.1380753,17z\/data=!3m1!4b1!4m6!3m5!1s0x12a49883f264f335:0x87af3b054a7ac581!8m2!3d41.3752087!4d2.1406502!16s%2Fg%2F1tfdhq8q?hl=es&amp;entry=ttu&amp;g_ep=EgoyMDI1MDIyNi4wIKXMDSoASAFQAw%3D%3D\">la Calle de Sants,3.<\/a><\/p><p>\u00a1Os deseamos una Feliz Diada!<\/p><div class=\"ekit-heading__description\"> <\/div>\t\t\t\t\t\t\t\t<\/div>\n\t\t\t\t<\/div>\n\t\t\t\t<\/div>\n\t\t\t\t<\/div>\n\t\t\t\t<div class=\"elementor-element elementor-element-5221834b elementor-widget elementor-widget-spacer\" data-id=\"5221834b\" data-element_type=\"widget\" data-e-type=\"widget\" data-widget_type=\"spacer.default\">\n\t\t\t\t<div class=\"elementor-widget-container\">\n\t\t\t\t\t\t\t<div class=\"elementor-spacer\">\n\t\t\t<div class=\"elementor-spacer-inner\"><\/div>\n\t\t<\/div>\n\t\t\t\t\t\t<\/div>\n\t\t\t\t<\/div>\n\t\t\t\t\t<\/div>\n\t\t\t\t<\/div>\n\t\t<div class=\"elementor-element elementor-element-60a41227 e-flex e-con-boxed e-con e-parent\" data-id=\"60a41227\" data-element_type=\"container\" data-e-type=\"container\">\n\t\t\t\t\t<div class=\"e-con-inner\">\n\t\t\t\t<div class=\"elementor-element elementor-element-287e27f elementor-widget elementor-widget-google_maps\" data-id=\"287e27f\" data-element_type=\"widget\" data-e-type=\"widget\" data-widget_type=\"google_maps.default\">\n\t\t\t\t<div class=\"elementor-widget-container\">\n\t\t\t\t\t\t\t<div class=\"elementor-custom-embed\">\n\t\t\t<iframe loading=\"lazy\"\n\t\t\t\t\tsrc=\"https:\/\/www.google.com\/maps\/embed\/v1\/place?key=AIzaSyDVNeKZoSR-kgoUJ0GkKzNrbhzcdQCFH84&#038;q=https%3A%2F%2Fwww.google.es%2Fmaps%2Fplace%2FTotart%2BEmmarcats%2BBarcelona%2F%4041.3752127%2C2.1380753%2C17z%2Fdata%3D%213m1%214b1%214m6%213m5%211s0x12a49883f264f335%3A0x87af3b054a7ac581%218m2%213d41.3752087%214d2.1406502%2116s%252Fg%252F1tfdhq8q%3Fhl%3Des%26entry%3Dttu%26g_ep%3DEgoyMDI1MDQwOC4wIKXMDSoJLDEwMjExNjM5SAFQAw%253D%253D%20Eye%2C%20Londres%2C%20Reino%20Unido&#038;zoom=16\"\n\t\t\t\t\ttitle=\"https:\/\/www.google.es\/maps\/place\/Totart+Emmarcats+Barcelona\/@41.3752127,2.1380753,17z\/data=!3m1!4b1!4m6!3m5!1s0x12a49883f264f335:0x87af3b054a7ac581!8m2!3d41.3752087!4d2.1406502!16s%2Fg%2F1tfdhq8q?hl=es&amp;entry=ttu&amp;g_ep=EgoyMDI1MDQwOC4wIKXMDSoJLDEwMjExNjM5SAFQAw%3D%3D Eye, Londres, Reino Unido\"\n\t\t\t\t\taria-label=\"https:\/\/www.google.es\/maps\/place\/Totart+Emmarcats+Barcelona\/@41.3752127,2.1380753,17z\/data=!3m1!4b1!4m6!3m5!1s0x12a49883f264f335:0x87af3b054a7ac581!8m2!3d41.3752087!4d2.1406502!16s%2Fg%2F1tfdhq8q?hl=es&amp;entry=ttu&amp;g_ep=EgoyMDI1MDQwOC4wIKXMDSoJLDEwMjExNjM5SAFQAw%3D%3D Eye, Londres, Reino Unido\"\n\t\t\t><\/iframe>\n\t\t<\/div>\n\t\t\t\t\t\t<\/div>\n\t\t\t\t<\/div>\n\t\t\t\t\t<\/div>\n\t\t\t\t<\/div>\n\t\t\t\t<\/div>\n\t\t","protected":false},"excerpt":{"rendered":"<p>Rosa de Totart . Ven ya a recogerla este San Jordi. Te esperamos en nuestra tienda de Barcelona, \u200b Calle de Sants, 3. Hasta terminar las existencias.<\/p>\n","protected":false},"author":2,"featured_media":25361,"comment_status":"closed","ping_status":"open","sticky":false,"template":"","format":"standard","meta":{"footnotes":""},"categories":[111],"tags":[116,115],"class_list":["post-25503","post","type-post","status-publish","format-standard","has-post-thumbnail","hentry","category-enmarcar-es","tag-cuadro","tag-grabado-rosa"],"yoast_head":"<!-- This site is optimized with the Yoast SEO Premium plugin v22.6 (Yoast SEO v26.9) - https:\/\/yoast.com\/product\/yoast-seo-premium-wordpress\/ -->\n<title>La Rosa de Totart - Totart Emmarcats Barcelona -<\/title>\n<meta name=\"description\" content=\"La Rosa de Totart . Ven ya a recogerla este San Jorge. Te esperamos en nuestra tienda en la \u200b\u200b Calle de Sans, 3.\" \/>\n<meta name=\"robots\" content=\"index, follow, max-snippet:-1, max-image-preview:large, max-video-preview:-1\" \/>\n<link rel=\"canonical\" href=\"https:\/\/totart.barcelona\/es\/la-rosa-de-totart\/\" \/>\n<meta property=\"og:locale\" content=\"es_ES\" \/>\n<meta property=\"og:type\" content=\"article\" \/>\n<meta property=\"og:title\" content=\"La Rosa de Totart - Totart Emmarcats Barcelona -\" \/>\n<meta property=\"og:description\" content=\"La Rosa de Totart \u00a1Ven ya a recogerla! Te esperamos en nuestra tienda de Barcelona, \u200b\u200bCalle de Sants, 3. Hasta terminar las existencias\" \/>\n<meta property=\"og:url\" content=\"https:\/\/totart.barcelona\/es\/la-rosa-de-totart\/\" \/>\n<meta property=\"og:site_name\" content=\"Totart Emmarcats Barcelona\" \/>\n<meta property=\"article:published_time\" content=\"2025-04-10T16:48:29+00:00\" \/>\n<meta property=\"article:modified_time\" content=\"2025-06-16T18:27:31+00:00\" \/>\n<meta property=\"og:image\" content=\"https:\/\/totart.barcelona\/wp-content\/uploads\/2025\/04\/la-rosa-de-totart-sant-jordi-2025-e1744710900382-1024x970.jpg\" \/>\n<meta name=\"author\" content=\"Laura Ros\" \/>\n<meta name=\"twitter:card\" content=\"summary_large_image\" \/>\n<meta name=\"twitter:title\" content=\"La Rosa de Totart - Totart Emmarcats Barcelona -\" \/>\n<meta name=\"twitter:description\" content=\"La Rosa de Totart \u00a1Ven ya a recogerla! Te exprime en nuestra tienda de Barcelona, \u200b\u200ben la Calle de Sants, 3. Hasta terminar las existencias\" \/>\n<meta name=\"twitter:image\" content=\"https:\/\/totart.barcelona\/wp-content\/uploads\/2025\/04\/quadres-roses-sant-jordi-i-dibuix-rosa-1024x576.jpg\" \/>\n<meta name=\"twitter:label1\" content=\"Escrito por\" \/>\n\t<meta name=\"twitter:data1\" content=\"Laura Ros\" \/>\n\t<meta name=\"twitter:label2\" content=\"Tiempo de lectura\" \/>\n\t<meta name=\"twitter:data2\" content=\"3 minutos\" \/>\n<script type=\"application\/ld+json\" class=\"yoast-schema-graph\">{\"@context\":\"https:\/\/schema.org\",\"@graph\":[{\"@type\":\"Article\",\"@id\":\"https:\/\/totart.barcelona\/es\/la-rosa-de-totart\/#article\",\"isPartOf\":{\"@id\":\"https:\/\/totart.barcelona\/es\/la-rosa-de-totart\/\"},\"author\":{\"name\":\"Laura Ros\",\"@id\":\"https:\/\/totart.barcelona\/es\/#\/schema\/person\/0e40a40411fa155bc7bc904b114ab2a5\"},\"headline\":\"La Rosa de Totart\",\"datePublished\":\"2025-04-10T16:48:29+00:00\",\"dateModified\":\"2025-06-16T18:27:31+00:00\",\"mainEntityOfPage\":{\"@id\":\"https:\/\/totart.barcelona\/es\/la-rosa-de-totart\/\"},\"wordCount\":407,\"publisher\":{\"@id\":\"https:\/\/totart.barcelona\/es\/#organization\"},\"image\":{\"@id\":\"https:\/\/totart.barcelona\/es\/la-rosa-de-totart\/#primaryimage\"},\"thumbnailUrl\":\"https:\/\/totart.barcelona\/wp-content\/uploads\/2025\/04\/la-rosa-de-totart-sant-jordi-2025-e1744710900382.jpg\",\"keywords\":[\"cuadro\",\"Grabado rosa\"],\"articleSection\":[\"enmarcar\"],\"inLanguage\":\"es\"},{\"@type\":\"WebPage\",\"@id\":\"https:\/\/totart.barcelona\/es\/la-rosa-de-totart\/\",\"url\":\"https:\/\/totart.barcelona\/es\/la-rosa-de-totart\/\",\"name\":\"La Rosa de Totart - Totart Emmarcats Barcelona -\",\"isPartOf\":{\"@id\":\"https:\/\/totart.barcelona\/es\/#website\"},\"primaryImageOfPage\":{\"@id\":\"https:\/\/totart.barcelona\/es\/la-rosa-de-totart\/#primaryimage\"},\"image\":{\"@id\":\"https:\/\/totart.barcelona\/es\/la-rosa-de-totart\/#primaryimage\"},\"thumbnailUrl\":\"https:\/\/totart.barcelona\/wp-content\/uploads\/2025\/04\/la-rosa-de-totart-sant-jordi-2025-e1744710900382.jpg\",\"datePublished\":\"2025-04-10T16:48:29+00:00\",\"dateModified\":\"2025-06-16T18:27:31+00:00\",\"description\":\"La Rosa de Totart . Ven ya a recogerla este San Jorge. Te esperamos en nuestra tienda en la \u200b\u200b Calle de Sans, 3.\",\"breadcrumb\":{\"@id\":\"https:\/\/totart.barcelona\/es\/la-rosa-de-totart\/#breadcrumb\"},\"inLanguage\":\"es\",\"potentialAction\":[{\"@type\":\"ReadAction\",\"target\":[\"https:\/\/totart.barcelona\/es\/la-rosa-de-totart\/\"]}]},{\"@type\":\"ImageObject\",\"inLanguage\":\"es\",\"@id\":\"https:\/\/totart.barcelona\/es\/la-rosa-de-totart\/#primaryimage\",\"url\":\"https:\/\/totart.barcelona\/wp-content\/uploads\/2025\/04\/la-rosa-de-totart-sant-jordi-2025-e1744710900382.jpg\",\"contentUrl\":\"https:\/\/totart.barcelona\/wp-content\/uploads\/2025\/04\/la-rosa-de-totart-sant-jordi-2025-e1744710900382.jpg\",\"width\":1488,\"height\":1410},{\"@type\":\"BreadcrumbList\",\"@id\":\"https:\/\/totart.barcelona\/es\/la-rosa-de-totart\/#breadcrumb\",\"itemListElement\":[{\"@type\":\"ListItem\",\"position\":1,\"name\":\"Portada\",\"item\":\"https:\/\/totart.barcelona\/es\/\"},{\"@type\":\"ListItem\",\"position\":2,\"name\":\"La Rosa de Totart\"}]},{\"@type\":\"WebSite\",\"@id\":\"https:\/\/totart.barcelona\/es\/#website\",\"url\":\"https:\/\/totart.barcelona\/es\/\",\"name\":\"Totart Emmarcats Barcelona\",\"description\":\"&lt;strong&gt;TOTART&lt;br \/&gt; EMMARCATS&lt;\/strong&gt;&lt;br \/&gt; Marcs i quadres&lt;br \/&gt; Sants, 3&lt;br \/&gt; Barcelona\",\"publisher\":{\"@id\":\"https:\/\/totart.barcelona\/es\/#organization\"},\"potentialAction\":[{\"@type\":\"SearchAction\",\"target\":{\"@type\":\"EntryPoint\",\"urlTemplate\":\"https:\/\/totart.barcelona\/es\/?s={search_term_string}\"},\"query-input\":{\"@type\":\"PropertyValueSpecification\",\"valueRequired\":true,\"valueName\":\"search_term_string\"}}],\"inLanguage\":\"es\"},{\"@type\":\"Organization\",\"@id\":\"https:\/\/totart.barcelona\/es\/#organization\",\"name\":\"Totart Emmarcats Barcelona\",\"url\":\"https:\/\/totart.barcelona\/es\/\",\"logo\":{\"@type\":\"ImageObject\",\"inLanguage\":\"es\",\"@id\":\"https:\/\/totart.barcelona\/es\/#\/schema\/logo\/image\/\",\"url\":\"https:\/\/totart.barcelona\/wp-content\/uploads\/2024\/02\/dibuix-marc-tarja-visita-nou-logo-totart-2.jpg\",\"contentUrl\":\"https:\/\/totart.barcelona\/wp-content\/uploads\/2024\/02\/dibuix-marc-tarja-visita-nou-logo-totart-2.jpg\",\"width\":263,\"height\":294,\"caption\":\"Totart Emmarcats Barcelona\"},\"image\":{\"@id\":\"https:\/\/totart.barcelona\/es\/#\/schema\/logo\/image\/\"}},{\"@type\":\"Person\",\"@id\":\"https:\/\/totart.barcelona\/es\/#\/schema\/person\/0e40a40411fa155bc7bc904b114ab2a5\",\"name\":\"Laura Ros\",\"image\":{\"@type\":\"ImageObject\",\"inLanguage\":\"es\",\"@id\":\"https:\/\/totart.barcelona\/es\/#\/schema\/person\/image\/\",\"url\":\"https:\/\/secure.gravatar.com\/avatar\/27690c863e83b0f29ca2315bce2401af2395d963e19cc092408253ae9bfbdf07?s=96&d=mm&r=g\",\"contentUrl\":\"https:\/\/secure.gravatar.com\/avatar\/27690c863e83b0f29ca2315bce2401af2395d963e19cc092408253ae9bfbdf07?s=96&d=mm&r=g\",\"caption\":\"Laura Ros\"},\"url\":\"https:\/\/totart.barcelona\/es\/author\/totart\/\"}]}<\/script>\n<!-- \/ Yoast SEO Premium plugin. -->","yoast_head_json":{"title":"La Rosa de Totart - Totart Emmarcats Barcelona -","description":"La Rosa de Totart . Ven ya a recogerla este San Jorge. Te esperamos en nuestra tienda en la \u200b\u200b Calle de Sans, 3.","robots":{"index":"index","follow":"follow","max-snippet":"max-snippet:-1","max-image-preview":"max-image-preview:large","max-video-preview":"max-video-preview:-1"},"canonical":"https:\/\/totart.barcelona\/es\/la-rosa-de-totart\/","og_locale":"es_ES","og_type":"article","og_title":"La Rosa de Totart - Totart Emmarcats Barcelona -","og_description":"La Rosa de Totart \u00a1Ven ya a recogerla! Te esperamos en nuestra tienda de Barcelona, \u200b\u200bCalle de Sants, 3. Hasta terminar las existencias","og_url":"https:\/\/totart.barcelona\/es\/la-rosa-de-totart\/","og_site_name":"Totart Emmarcats Barcelona","article_published_time":"2025-04-10T16:48:29+00:00","article_modified_time":"2025-06-16T18:27:31+00:00","og_image":[{"url":"https:\/\/totart.barcelona\/wp-content\/uploads\/2025\/04\/la-rosa-de-totart-sant-jordi-2025-e1744710900382-1024x970.jpg","type":"","width":"","height":""}],"author":"Laura Ros","twitter_card":"summary_large_image","twitter_title":"La Rosa de Totart - Totart Emmarcats Barcelona -","twitter_description":"La Rosa de Totart \u00a1Ven ya a recogerla! Te exprime en nuestra tienda de Barcelona, \u200b\u200ben la Calle de Sants, 3. Hasta terminar las existencias","twitter_image":"https:\/\/totart.barcelona\/wp-content\/uploads\/2025\/04\/quadres-roses-sant-jordi-i-dibuix-rosa-1024x576.jpg","twitter_misc":{"Escrito por":"Laura Ros","Tiempo de lectura":"3 minutos"},"schema":{"@context":"https:\/\/schema.org","@graph":[{"@type":"Article","@id":"https:\/\/totart.barcelona\/es\/la-rosa-de-totart\/#article","isPartOf":{"@id":"https:\/\/totart.barcelona\/es\/la-rosa-de-totart\/"},"author":{"name":"Laura Ros","@id":"https:\/\/totart.barcelona\/es\/#\/schema\/person\/0e40a40411fa155bc7bc904b114ab2a5"},"headline":"La Rosa de Totart","datePublished":"2025-04-10T16:48:29+00:00","dateModified":"2025-06-16T18:27:31+00:00","mainEntityOfPage":{"@id":"https:\/\/totart.barcelona\/es\/la-rosa-de-totart\/"},"wordCount":407,"publisher":{"@id":"https:\/\/totart.barcelona\/es\/#organization"},"image":{"@id":"https:\/\/totart.barcelona\/es\/la-rosa-de-totart\/#primaryimage"},"thumbnailUrl":"https:\/\/totart.barcelona\/wp-content\/uploads\/2025\/04\/la-rosa-de-totart-sant-jordi-2025-e1744710900382.jpg","keywords":["cuadro","Grabado rosa"],"articleSection":["enmarcar"],"inLanguage":"es"},{"@type":"WebPage","@id":"https:\/\/totart.barcelona\/es\/la-rosa-de-totart\/","url":"https:\/\/totart.barcelona\/es\/la-rosa-de-totart\/","name":"La Rosa de Totart - Totart Emmarcats Barcelona -","isPartOf":{"@id":"https:\/\/totart.barcelona\/es\/#website"},"primaryImageOfPage":{"@id":"https:\/\/totart.barcelona\/es\/la-rosa-de-totart\/#primaryimage"},"image":{"@id":"https:\/\/totart.barcelona\/es\/la-rosa-de-totart\/#primaryimage"},"thumbnailUrl":"https:\/\/totart.barcelona\/wp-content\/uploads\/2025\/04\/la-rosa-de-totart-sant-jordi-2025-e1744710900382.jpg","datePublished":"2025-04-10T16:48:29+00:00","dateModified":"2025-06-16T18:27:31+00:00","description":"La Rosa de Totart . Ven ya a recogerla este San Jorge. Te esperamos en nuestra tienda en la \u200b\u200b Calle de Sans, 3.","breadcrumb":{"@id":"https:\/\/totart.barcelona\/es\/la-rosa-de-totart\/#breadcrumb"},"inLanguage":"es","potentialAction":[{"@type":"ReadAction","target":["https:\/\/totart.barcelona\/es\/la-rosa-de-totart\/"]}]},{"@type":"ImageObject","inLanguage":"es","@id":"https:\/\/totart.barcelona\/es\/la-rosa-de-totart\/#primaryimage","url":"https:\/\/totart.barcelona\/wp-content\/uploads\/2025\/04\/la-rosa-de-totart-sant-jordi-2025-e1744710900382.jpg","contentUrl":"https:\/\/totart.barcelona\/wp-content\/uploads\/2025\/04\/la-rosa-de-totart-sant-jordi-2025-e1744710900382.jpg","width":1488,"height":1410},{"@type":"BreadcrumbList","@id":"https:\/\/totart.barcelona\/es\/la-rosa-de-totart\/#breadcrumb","itemListElement":[{"@type":"ListItem","position":1,"name":"Portada","item":"https:\/\/totart.barcelona\/es\/"},{"@type":"ListItem","position":2,"name":"La Rosa de Totart"}]},{"@type":"WebSite","@id":"https:\/\/totart.barcelona\/es\/#website","url":"https:\/\/totart.barcelona\/es\/","name":"Totart Emmarcats Barcelona","description":"&lt;strong&gt;TOTART&lt;br \/&gt; EMMARCATS&lt;\/strong&gt;&lt;br \/&gt; Marcs i quadres&lt;br \/&gt; Sants, 3&lt;br \/&gt; Barcelona","publisher":{"@id":"https:\/\/totart.barcelona\/es\/#organization"},"potentialAction":[{"@type":"SearchAction","target":{"@type":"EntryPoint","urlTemplate":"https:\/\/totart.barcelona\/es\/?s={search_term_string}"},"query-input":{"@type":"PropertyValueSpecification","valueRequired":true,"valueName":"search_term_string"}}],"inLanguage":"es"},{"@type":"Organization","@id":"https:\/\/totart.barcelona\/es\/#organization","name":"Totart Emmarcats Barcelona","url":"https:\/\/totart.barcelona\/es\/","logo":{"@type":"ImageObject","inLanguage":"es","@id":"https:\/\/totart.barcelona\/es\/#\/schema\/logo\/image\/","url":"https:\/\/totart.barcelona\/wp-content\/uploads\/2024\/02\/dibuix-marc-tarja-visita-nou-logo-totart-2.jpg","contentUrl":"https:\/\/totart.barcelona\/wp-content\/uploads\/2024\/02\/dibuix-marc-tarja-visita-nou-logo-totart-2.jpg","width":263,"height":294,"caption":"Totart Emmarcats Barcelona"},"image":{"@id":"https:\/\/totart.barcelona\/es\/#\/schema\/logo\/image\/"}},{"@type":"Person","@id":"https:\/\/totart.barcelona\/es\/#\/schema\/person\/0e40a40411fa155bc7bc904b114ab2a5","name":"Laura Ros","image":{"@type":"ImageObject","inLanguage":"es","@id":"https:\/\/totart.barcelona\/es\/#\/schema\/person\/image\/","url":"https:\/\/secure.gravatar.com\/avatar\/27690c863e83b0f29ca2315bce2401af2395d963e19cc092408253ae9bfbdf07?s=96&d=mm&r=g","contentUrl":"https:\/\/secure.gravatar.com\/avatar\/27690c863e83b0f29ca2315bce2401af2395d963e19cc092408253ae9bfbdf07?s=96&d=mm&r=g","caption":"Laura Ros"},"url":"https:\/\/totart.barcelona\/es\/author\/totart\/"}]}},"_links":{"self":[{"href":"https:\/\/totart.barcelona\/es\/wp-json\/wp\/v2\/posts\/25503","targetHints":{"allow":["GET"]}}],"collection":[{"href":"https:\/\/totart.barcelona\/es\/wp-json\/wp\/v2\/posts"}],"about":[{"href":"https:\/\/totart.barcelona\/es\/wp-json\/wp\/v2\/types\/post"}],"author":[{"embeddable":true,"href":"https:\/\/totart.barcelona\/es\/wp-json\/wp\/v2\/users\/2"}],"replies":[{"embeddable":true,"href":"https:\/\/totart.barcelona\/es\/wp-json\/wp\/v2\/comments?post=25503"}],"version-history":[{"count":13,"href":"https:\/\/totart.barcelona\/es\/wp-json\/wp\/v2\/posts\/25503\/revisions"}],"predecessor-version":[{"id":26769,"href":"https:\/\/totart.barcelona\/es\/wp-json\/wp\/v2\/posts\/25503\/revisions\/26769"}],"wp:featuredmedia":[{"embeddable":true,"href":"https:\/\/totart.barcelona\/es\/wp-json\/wp\/v2\/media\/25361"}],"wp:attachment":[{"href":"https:\/\/totart.barcelona\/es\/wp-json\/wp\/v2\/media?parent=25503"}],"wp:term":[{"taxonomy":"category","embeddable":true,"href":"https:\/\/totart.barcelona\/es\/wp-json\/wp\/v2\/categories?post=25503"},{"taxonomy":"post_tag","embeddable":true,"href":"https:\/\/totart.barcelona\/es\/wp-json\/wp\/v2\/tags?post=25503"}],"curies":[{"name":"wp","href":"https:\/\/api.w.org\/{rel}","templated":true}]}}